{"id":10637,"date":"2026-09-05T22:51:55","date_gmt":"2026-09-05T20:51:55","guid":{"rendered":"https:\/\/inorde.com\/?p=10637"},"modified":"2026-09-05T22:51:55","modified_gmt":"2026-09-05T20:51:55","slug":"orense-convertese-nunha-sede-europea-para-a-formacion-de-funcionarios-publicos-en-ucraina","status":"publish","type":"post","link":"https:\/\/inorde.com\/es\/orense-convertese-nunha-sede-europea-para-a-formacion-de-funcionarios-publicos-en-ucraina\/","title":{"rendered":"Orense conv\u00e9rtese nunha sede europea para a formaci\u00f3n de funcionarios p\u00fablicos en Ucra\u00edna"},"content":{"rendered":"<div class=\"avance-nova\">\n<p>A Deputaci\u00f3n de Ourense foi seleccionada polo programa europeo TIPS4UA para acoller unha delegaci\u00f3n da rexi\u00f3n de Zakarpatia, nunha estad\u00eda que se xestionar\u00e1 e executar\u00e1 do 21 de setembro ao 2 de outubro<\/p>\n<\/div>\n<div class=\"corpo-nova\">\n<p>Orense, 5 de setembro de 2026.<\/p>\n<p>A provincia de Ourense dar\u00e1 un novo paso na s\u00faa proxecci\u00f3n europea ao converterse, a finais deste mes, no territorio anfitri\u00f3n do programa TIPS4UA (Training and Internship Program Support for Ukrainian Municipalities), unha iniciativa europea destinada a fortalecer as capacidades das administraci\u00f3ns p\u00fablicas en Ucra\u00edna e facilitar o intercambio de co\u00f1ecemento con instituci\u00f3ns da Uni\u00f3n Europea.<\/p>\n<p>A Deputaci\u00f3n de Ourense foi seleccionada como entidade anfitrioa deste programa e ser\u00e1 o Inorde ou organismo encargado da s\u00faa xesti\u00f3n e execuci\u00f3n. Entre o 21 de setembro e o 2 de outubro, a provincia recibir\u00e1 unha delegaci\u00f3n de representantes institucionais da rexi\u00f3n de Zakarpattia, no oeste de Ucra\u00edna, formada por funcionarios rexionais e representantes municipais de Dovhe, Kolochava e Yasinya.<\/p>\n<p>Durante estas d\u00faas semanas, os representantes ucra\u00ednos co\u00f1ecer\u00e1n primeiro experiencias desenvolvidas en Orense e Galicia relacionadas con algunhas das s\u00faas principais necesidades: xesti\u00f3n de proxectos europeos, captaci\u00f3n de fondos, modernizaci\u00f3n da administraci\u00f3n p\u00fablica, desenvolvemento de infraestruturas, resiliencia enerx\u00e9tica, protecci\u00f3n ambiental, turismo sostible e desenvolvemento territorial.<\/p>\n<p>O programa permitir\u00e1 mostrar un modelo de cooperaci\u00f3n entre diferentes niveis da Administraci\u00f3n e obter experiencias pr\u00e1cticas sobre como transformar os fondos europeos en proxectos concretos capaces de xerar actividade econ\u00f3mica, mellorar os servizos p\u00fablicos e reforzar a cohesi\u00f3n territorial.<\/p>\n<p><strong>Orense como territorio de aprendizaxe<\/strong><\/p>\n<p>A estad\u00eda incl\u00fae unha intensa axenda de visitas e reuni\u00f3ns institucionais en diferentes puntos da provincia de Galicia.<\/p>\n<p>A delegaci\u00f3n ser\u00e1 recibida na Deputaci\u00f3n de Ourense e manter\u00e1 reuni\u00f3ns con responsables institucionais. Tam\u00e9n incluir\u00e1 experiencias de cooperaci\u00f3n transfronteiriza no \u00e1mbito do Parque Natural Baixa Limia-Serra do Xur\u00e9s, as\u00ed como iniciativas para a recuperaci\u00f3n do patrimonio rural e a cooperaci\u00f3n con Portugal.<\/p>\n<p>En Santiago de Compostela, a delegaci\u00f3n visitar\u00e1 a Fundaci\u00f3n Galicia Europa para co\u00f1ecer a experiencia gallega na xesti\u00f3n de dous fondos estruturais europeos e manter\u00e1 unha reuni\u00f3n no Parlamento de Galicia.<\/p>\n<p>O programa continuar\u00e1 con experiencias vinculadas ao turismo termal e de sa\u00fade en Termatalia e Expourense, visitas ao Parque Tecnol\u00f3xico de Galicia (Tecn\u00f3pole) e \u00e1 comunidade empresarial ourens\u00e1, as\u00ed como iniciativas para transformar as pequenas produci\u00f3ns e a econom\u00eda local.<\/p>\n<p>Na segunda semana, unha parte da delegaci\u00f3n especializada en cuesti\u00f3ns ambientais, econ\u00f3micas e tur\u00edsticas presentar\u00e1 o Campus da Auga da Universidade de Vigo, proxectos de dixitalizaci\u00f3n da xesti\u00f3n da auga, experiencias de desenvolvemento territorial na Ribeira Sacra, comunidades enerx\u00e9ticas, iniciativas vinculadas \u00e1 agricultura sostible, o laboratorio individual do INORDE e diferentes proxectos de turismo sostible e valorizaci\u00f3n do territorio.<\/p>\n<p><strong>Unha relaci\u00f3n que mira cara ao futuro<\/strong><\/p>\n<p>A participaci\u00f3n de Ourense en TIPS4UA non se limita a compartir experiencias durante d\u00faas semanas. O obxectivo \u00e9 crear relaci\u00f3ns institucionais estables e abrir novas v\u00edas de cooperaci\u00f3n entre territorios europeos e ucra\u00ednos.<\/p>\n<p>A reconstruci\u00f3n de Ucra\u00edna e o seu proceso de adhesi\u00f3n \u00e1 Uni\u00f3n Europea requirir\u00e1n nos pr\u00f3ximos anos unha enorme capacidade das s\u00faas administraci\u00f3ns locais e rexionais para dese\u00f1ar proxectos, atraer financiamento internacional, xestionar investimentos e modernizar os seus territorios.<\/p>\n<\/div>","protected":false},"excerpt":{"rendered":"<p>A Deputaci\u00f3n de Ourense foi seleccionada polo programa europeo TIPS4UA para acoller unha delegaci\u00f3n da rexi\u00f3n de Zakarpatia, nunha estad\u00eda que se xestionar\u00e1 e executar\u00e1 do 21 de setembro ao 2 de outubro Orense, 5 de setembro de 2026. A provincia de Ourense dar\u00e1 un novo paso na s\u00faa proxecci\u00f3n europea ao converterse, a finais [&hellip;]<\/p>","protected":false},"author":7,"featured_media":10638,"comment_status":"open","ping_status":"open","sticky":false,"template":"","format":"standard","meta":{"inline_featured_image":false,"footnotes":""},"categories":[25],"tags":[],"class_list":["post-10637","post","type-post","status-publish","format-standard","has-post-thumbnail","hentry","category-novas"],"acf":[],"yoast_head":"<!-- This site is optimized with the Yoast SEO plugin v26.3 - https:\/\/yoast.com\/wordpress\/plugins\/seo\/ -->\n<title>Orense conv\u00e9rtese nunha sede europea para a formaci\u00f3n de funcionarios p\u00fablicos en Ucra\u00edna - INORDE<\/title>\n<meta name=\"robots\" content=\"index, follow, max-snippet:-1, max-image-preview:large, max-video-preview:-1\" \/>\n<link rel=\"canonical\" href=\"https:\/\/inorde.com\/es\/orense-convertese-nunha-sede-europea-para-a-formacion-de-funcionarios-publicos-en-ucraina\/\" \/>\n<meta property=\"og:locale\" content=\"es_ES\" \/>\n<meta property=\"og:type\" content=\"article\" \/>\n<meta property=\"og:title\" content=\"Orense conv\u00e9rtese nunha sede europea para a formaci\u00f3n de funcionarios p\u00fablicos en Ucra\u00edna - INORDE\" \/>\n<meta property=\"og:description\" content=\"A Deputaci\u00f3n de Ourense foi seleccionada polo programa europeo TIPS4UA para acoller unha delegaci\u00f3n da rexi\u00f3n de Zakarpatia, nunha estad\u00eda que se xestionar\u00e1 e executar\u00e1 do 21 de setembro ao 2 de outubro Orense, 5 de setembro de 2026. A provincia de Ourense dar\u00e1 un novo paso na s\u00faa proxecci\u00f3n europea ao converterse, a finais [&hellip;]\" \/>\n<meta property=\"og:url\" content=\"https:\/\/inorde.com\/es\/orense-convertese-nunha-sede-europea-para-a-formacion-de-funcionarios-publicos-en-ucraina\/\" \/>\n<meta property=\"og:site_name\" content=\"INORDE\" \/>\n<meta property=\"article:published_time\" content=\"2026-09-05T20:51:55+00:00\" \/>\n<meta property=\"og:image\" content=\"http:\/\/inorde.com\/wp-content\/uploads\/2026\/09\/web_logo.jpg\" \/>\n\t<meta property=\"og:image:width\" content=\"567\" \/>\n\t<meta property=\"og:image:height\" content=\"378\" \/>\n\t<meta property=\"og:image:type\" content=\"image\/jpeg\" \/>\n<meta name=\"author\" content=\"Bego\u00f1a C\u00e1diz Rilo\" \/>\n<meta name=\"twitter:card\" content=\"summary_large_image\" \/>\n<meta name=\"twitter:label1\" content=\"Escrito por\" \/>\n\t<meta name=\"twitter:data1\" content=\"Bego\u00f1a C\u00e1diz Rilo\" \/>\n\t<meta name=\"twitter:label2\" content=\"Tiempo de lectura\" \/>\n\t<meta name=\"twitter:data2\" content=\"4 minutos\" \/>\n<script type=\"application\/ld+json\" class=\"yoast-schema-graph\">{\"@context\":\"https:\/\/schema.org\",\"@graph\":[{\"@type\":\"Article\",\"@id\":\"https:\/\/inorde.com\/orense-convertese-nunha-sede-europea-para-a-formacion-de-funcionarios-publicos-en-ucraina\/#article\",\"isPartOf\":{\"@id\":\"https:\/\/inorde.com\/orense-convertese-nunha-sede-europea-para-a-formacion-de-funcionarios-publicos-en-ucraina\/\"},\"author\":{\"name\":\"Bego\u00f1a C\u00e1diz Rilo\",\"@id\":\"https:\/\/inorde.com\/es\/#\/schema\/person\/25a6ce248191c994b425f77d531cc92c\"},\"headline\":\"Orense conv\u00e9rtese nunha sede europea para a formaci\u00f3n de funcionarios p\u00fablicos en Ucra\u00edna\",\"datePublished\":\"2026-09-05T20:51:55+00:00\",\"mainEntityOfPage\":{\"@id\":\"https:\/\/inorde.com\/orense-convertese-nunha-sede-europea-para-a-formacion-de-funcionarios-publicos-en-ucraina\/\"},\"wordCount\":609,\"commentCount\":0,\"publisher\":{\"@id\":\"https:\/\/inorde.com\/es\/#organization\"},\"image\":{\"@id\":\"https:\/\/inorde.com\/orense-convertese-nunha-sede-europea-para-a-formacion-de-funcionarios-publicos-en-ucraina\/#primaryimage\"},\"thumbnailUrl\":\"https:\/\/inorde.com\/wp-content\/uploads\/2026\/09\/web_logo.jpg\",\"articleSection\":[\"Novas\"],\"inLanguage\":\"es\",\"potentialAction\":[{\"@type\":\"CommentAction\",\"name\":\"Comment\",\"target\":[\"https:\/\/inorde.com\/orense-convertese-nunha-sede-europea-para-a-formacion-de-funcionarios-publicos-en-ucraina\/#respond\"]}]},{\"@type\":\"WebPage\",\"@id\":\"https:\/\/inorde.com\/orense-convertese-nunha-sede-europea-para-a-formacion-de-funcionarios-publicos-en-ucraina\/\",\"url\":\"https:\/\/inorde.com\/orense-convertese-nunha-sede-europea-para-a-formacion-de-funcionarios-publicos-en-ucraina\/\",\"name\":\"Orense conv\u00e9rtese nunha sede europea para a formaci\u00f3n de funcionarios p\u00fablicos en Ucra\u00edna - INORDE\",\"isPartOf\":{\"@id\":\"https:\/\/inorde.com\/es\/#website\"},\"primaryImageOfPage\":{\"@id\":\"https:\/\/inorde.com\/orense-convertese-nunha-sede-europea-para-a-formacion-de-funcionarios-publicos-en-ucraina\/#primaryimage\"},\"image\":{\"@id\":\"https:\/\/inorde.com\/orense-convertese-nunha-sede-europea-para-a-formacion-de-funcionarios-publicos-en-ucraina\/#primaryimage\"},\"thumbnailUrl\":\"https:\/\/inorde.com\/wp-content\/uploads\/2026\/09\/web_logo.jpg\",\"datePublished\":\"2026-09-05T20:51:55+00:00\",\"breadcrumb\":{\"@id\":\"https:\/\/inorde.com\/orense-convertese-nunha-sede-europea-para-a-formacion-de-funcionarios-publicos-en-ucraina\/#breadcrumb\"},\"inLanguage\":\"es\",\"potentialAction\":[{\"@type\":\"ReadAction\",\"target\":[\"https:\/\/inorde.com\/orense-convertese-nunha-sede-europea-para-a-formacion-de-funcionarios-publicos-en-ucraina\/\"]}]},{\"@type\":\"ImageObject\",\"inLanguage\":\"es\",\"@id\":\"https:\/\/inorde.com\/orense-convertese-nunha-sede-europea-para-a-formacion-de-funcionarios-publicos-en-ucraina\/#primaryimage\",\"url\":\"https:\/\/inorde.com\/wp-content\/uploads\/2026\/09\/web_logo.jpg\",\"contentUrl\":\"https:\/\/inorde.com\/wp-content\/uploads\/2026\/09\/web_logo.jpg\",\"width\":567,\"height\":378},{\"@type\":\"BreadcrumbList\",\"@id\":\"https:\/\/inorde.com\/orense-convertese-nunha-sede-europea-para-a-formacion-de-funcionarios-publicos-en-ucraina\/#breadcrumb\",\"itemListElement\":[{\"@type\":\"ListItem\",\"position\":1,\"name\":\"Portada\",\"item\":\"https:\/\/inorde.com\/\"},{\"@type\":\"ListItem\",\"position\":2,\"name\":\"Orense conv\u00e9rtese nunha sede europea para a formaci\u00f3n de funcionarios p\u00fablicos en Ucra\u00edna\"}]},{\"@type\":\"WebSite\",\"@id\":\"https:\/\/inorde.com\/es\/#website\",\"url\":\"https:\/\/inorde.com\/es\/\",\"name\":\"INORDE\",\"description\":\"Inorde\",\"publisher\":{\"@id\":\"https:\/\/inorde.com\/es\/#organization\"},\"potentialAction\":[{\"@type\":\"SearchAction\",\"target\":{\"@type\":\"EntryPoint\",\"urlTemplate\":\"https:\/\/inorde.com\/es\/?s={search_term_string}\"},\"query-input\":{\"@type\":\"PropertyValueSpecification\",\"valueRequired\":true,\"valueName\":\"search_term_string\"}}],\"inLanguage\":\"es\"},{\"@type\":\"Organization\",\"@id\":\"https:\/\/inorde.com\/es\/#organization\",\"name\":\"INORDE\",\"url\":\"https:\/\/inorde.com\/es\/\",\"logo\":{\"@type\":\"ImageObject\",\"inLanguage\":\"es\",\"@id\":\"https:\/\/inorde.com\/es\/#\/schema\/logo\/image\/\",\"url\":\"https:\/\/inorde.com\/wp-content\/uploads\/2022\/05\/logotipos-oficiales-abajo-ou.png\",\"contentUrl\":\"https:\/\/inorde.com\/wp-content\/uploads\/2022\/05\/logotipos-oficiales-abajo-ou.png\",\"width\":650,\"height\":150,\"caption\":\"INORDE\"},\"image\":{\"@id\":\"https:\/\/inorde.com\/es\/#\/schema\/logo\/image\/\"}},{\"@type\":\"Person\",\"@id\":\"https:\/\/inorde.com\/es\/#\/schema\/person\/25a6ce248191c994b425f77d531cc92c\",\"name\":\"Bego\u00f1a C\u00e1diz Rilo\",\"image\":{\"@type\":\"ImageObject\",\"inLanguage\":\"es\",\"@id\":\"https:\/\/inorde.com\/es\/#\/schema\/person\/image\/\",\"url\":\"https:\/\/secure.gravatar.com\/avatar\/5639aa4c4da353341ff6e9abac9bbc0c4a916e5475460160272193c5f80feee5?s=96&d=mm&r=g\",\"contentUrl\":\"https:\/\/secure.gravatar.com\/avatar\/5639aa4c4da353341ff6e9abac9bbc0c4a916e5475460160272193c5f80feee5?s=96&d=mm&r=g\",\"caption\":\"Bego\u00f1a C\u00e1diz Rilo\"},\"url\":\"https:\/\/inorde.com\/es\/author\/turismo\/\"}]}<\/script>\n<!-- \/ Yoast SEO plugin. -->","yoast_head_json":{"title":"Orense conv\u00e9rtese nunha sede europea para a formaci\u00f3n de funcionarios p\u00fablicos en Ucra\u00edna - INORDE","robots":{"index":"index","follow":"follow","max-snippet":"max-snippet:-1","max-image-preview":"max-image-preview:large","max-video-preview":"max-video-preview:-1"},"canonical":"https:\/\/inorde.com\/es\/orense-convertese-nunha-sede-europea-para-a-formacion-de-funcionarios-publicos-en-ucraina\/","og_locale":"es_ES","og_type":"article","og_title":"Orense conv\u00e9rtese nunha sede europea para a formaci\u00f3n de funcionarios p\u00fablicos en Ucra\u00edna - INORDE","og_description":"A Deputaci\u00f3n de Ourense foi seleccionada polo programa europeo TIPS4UA para acoller unha delegaci\u00f3n da rexi\u00f3n de Zakarpatia, nunha estad\u00eda que se xestionar\u00e1 e executar\u00e1 do 21 de setembro ao 2 de outubro Orense, 5 de setembro de 2026. A provincia de Ourense dar\u00e1 un novo paso na s\u00faa proxecci\u00f3n europea ao converterse, a finais [&hellip;]","og_url":"https:\/\/inorde.com\/es\/orense-convertese-nunha-sede-europea-para-a-formacion-de-funcionarios-publicos-en-ucraina\/","og_site_name":"INORDE","article_published_time":"2026-09-05T20:51:55+00:00","og_image":[{"width":567,"height":378,"url":"http:\/\/inorde.com\/wp-content\/uploads\/2026\/09\/web_logo.jpg","type":"image\/jpeg"}],"author":"Bego\u00f1a C\u00e1diz Rilo","twitter_card":"summary_large_image","twitter_misc":{"Escrito por":"Bego\u00f1a C\u00e1diz Rilo","Tiempo de lectura":"4 minutos"},"schema":{"@context":"https:\/\/schema.org","@graph":[{"@type":"Article","@id":"https:\/\/inorde.com\/orense-convertese-nunha-sede-europea-para-a-formacion-de-funcionarios-publicos-en-ucraina\/#article","isPartOf":{"@id":"https:\/\/inorde.com\/orense-convertese-nunha-sede-europea-para-a-formacion-de-funcionarios-publicos-en-ucraina\/"},"author":{"name":"Bego\u00f1a C\u00e1diz Rilo","@id":"https:\/\/inorde.com\/es\/#\/schema\/person\/25a6ce248191c994b425f77d531cc92c"},"headline":"Orense conv\u00e9rtese nunha sede europea para a formaci\u00f3n de funcionarios p\u00fablicos en Ucra\u00edna","datePublished":"2026-09-05T20:51:55+00:00","mainEntityOfPage":{"@id":"https:\/\/inorde.com\/orense-convertese-nunha-sede-europea-para-a-formacion-de-funcionarios-publicos-en-ucraina\/"},"wordCount":609,"commentCount":0,"publisher":{"@id":"https:\/\/inorde.com\/es\/#organization"},"image":{"@id":"https:\/\/inorde.com\/orense-convertese-nunha-sede-europea-para-a-formacion-de-funcionarios-publicos-en-ucraina\/#primaryimage"},"thumbnailUrl":"https:\/\/inorde.com\/wp-content\/uploads\/2026\/09\/web_logo.jpg","articleSection":["Novas"],"inLanguage":"es","potentialAction":[{"@type":"CommentAction","name":"Comment","target":["https:\/\/inorde.com\/orense-convertese-nunha-sede-europea-para-a-formacion-de-funcionarios-publicos-en-ucraina\/#respond"]}]},{"@type":"WebPage","@id":"https:\/\/inorde.com\/orense-convertese-nunha-sede-europea-para-a-formacion-de-funcionarios-publicos-en-ucraina\/","url":"https:\/\/inorde.com\/orense-convertese-nunha-sede-europea-para-a-formacion-de-funcionarios-publicos-en-ucraina\/","name":"Orense conv\u00e9rtese nunha sede europea para a formaci\u00f3n de funcionarios p\u00fablicos en Ucra\u00edna - INORDE","isPartOf":{"@id":"https:\/\/inorde.com\/es\/#website"},"primaryImageOfPage":{"@id":"https:\/\/inorde.com\/orense-convertese-nunha-sede-europea-para-a-formacion-de-funcionarios-publicos-en-ucraina\/#primaryimage"},"image":{"@id":"https:\/\/inorde.com\/orense-convertese-nunha-sede-europea-para-a-formacion-de-funcionarios-publicos-en-ucraina\/#primaryimage"},"thumbnailUrl":"https:\/\/inorde.com\/wp-content\/uploads\/2026\/09\/web_logo.jpg","datePublished":"2026-09-05T20:51:55+00:00","breadcrumb":{"@id":"https:\/\/inorde.com\/orense-convertese-nunha-sede-europea-para-a-formacion-de-funcionarios-publicos-en-ucraina\/#breadcrumb"},"inLanguage":"es","potentialAction":[{"@type":"ReadAction","target":["https:\/\/inorde.com\/orense-convertese-nunha-sede-europea-para-a-formacion-de-funcionarios-publicos-en-ucraina\/"]}]},{"@type":"ImageObject","inLanguage":"es","@id":"https:\/\/inorde.com\/orense-convertese-nunha-sede-europea-para-a-formacion-de-funcionarios-publicos-en-ucraina\/#primaryimage","url":"https:\/\/inorde.com\/wp-content\/uploads\/2026\/09\/web_logo.jpg","contentUrl":"https:\/\/inorde.com\/wp-content\/uploads\/2026\/09\/web_logo.jpg","width":567,"height":378},{"@type":"BreadcrumbList","@id":"https:\/\/inorde.com\/orense-convertese-nunha-sede-europea-para-a-formacion-de-funcionarios-publicos-en-ucraina\/#breadcrumb","itemListElement":[{"@type":"ListItem","position":1,"name":"Portada","item":"https:\/\/inorde.com\/"},{"@type":"ListItem","position":2,"name":"Orense conv\u00e9rtese nunha sede europea para a formaci\u00f3n de funcionarios p\u00fablicos en Ucra\u00edna"}]},{"@type":"WebSite","@id":"https:\/\/inorde.com\/es\/#website","url":"https:\/\/inorde.com\/es\/","name":"INORDE","description":"Inorde","publisher":{"@id":"https:\/\/inorde.com\/es\/#organization"},"potentialAction":[{"@type":"SearchAction","target":{"@type":"EntryPoint","urlTemplate":"https:\/\/inorde.com\/es\/?s={search_term_string}"},"query-input":{"@type":"PropertyValueSpecification","valueRequired":true,"valueName":"search_term_string"}}],"inLanguage":"es"},{"@type":"Organization","@id":"https:\/\/inorde.com\/es\/#organization","name":"INORDE","url":"https:\/\/inorde.com\/es\/","logo":{"@type":"ImageObject","inLanguage":"es","@id":"https:\/\/inorde.com\/es\/#\/schema\/logo\/image\/","url":"https:\/\/inorde.com\/wp-content\/uploads\/2022\/05\/logotipos-oficiales-abajo-ou.png","contentUrl":"https:\/\/inorde.com\/wp-content\/uploads\/2022\/05\/logotipos-oficiales-abajo-ou.png","width":650,"height":150,"caption":"INORDE"},"image":{"@id":"https:\/\/inorde.com\/es\/#\/schema\/logo\/image\/"}},{"@type":"Person","@id":"https:\/\/inorde.com\/es\/#\/schema\/person\/25a6ce248191c994b425f77d531cc92c","name":"Bego\u00f1a C\u00e1diz Rilo","image":{"@type":"ImageObject","inLanguage":"es","@id":"https:\/\/inorde.com\/es\/#\/schema\/person\/image\/","url":"https:\/\/secure.gravatar.com\/avatar\/5639aa4c4da353341ff6e9abac9bbc0c4a916e5475460160272193c5f80feee5?s=96&d=mm&r=g","contentUrl":"https:\/\/secure.gravatar.com\/avatar\/5639aa4c4da353341ff6e9abac9bbc0c4a916e5475460160272193c5f80feee5?s=96&d=mm&r=g","caption":"Bego\u00f1a C\u00e1diz Rilo"},"url":"https:\/\/inorde.com\/es\/author\/turismo\/"}]}},"_links":{"self":[{"href":"https:\/\/inorde.com\/es\/wp-json\/wp\/v2\/posts\/10637","targetHints":{"allow":["GET"]}}],"collection":[{"href":"https:\/\/inorde.com\/es\/wp-json\/wp\/v2\/posts"}],"about":[{"href":"https:\/\/inorde.com\/es\/wp-json\/wp\/v2\/types\/post"}],"author":[{"embeddable":true,"href":"https:\/\/inorde.com\/es\/wp-json\/wp\/v2\/users\/7"}],"replies":[{"embeddable":true,"href":"https:\/\/inorde.com\/es\/wp-json\/wp\/v2\/comments?post=10637"}],"version-history":[{"count":1,"href":"https:\/\/inorde.com\/es\/wp-json\/wp\/v2\/posts\/10637\/revisions"}],"predecessor-version":[{"id":10639,"href":"https:\/\/inorde.com\/es\/wp-json\/wp\/v2\/posts\/10637\/revisions\/10639"}],"wp:featuredmedia":[{"embeddable":true,"href":"https:\/\/inorde.com\/es\/wp-json\/wp\/v2\/media\/10638"}],"wp:attachment":[{"href":"https:\/\/inorde.com\/es\/wp-json\/wp\/v2\/media?parent=10637"}],"wp:term":[{"taxonomy":"category","embeddable":true,"href":"https:\/\/inorde.com\/es\/wp-json\/wp\/v2\/categories?post=10637"},{"taxonomy":"post_tag","embeddable":true,"href":"https:\/\/inorde.com\/es\/wp-json\/wp\/v2\/tags?post=10637"}],"curies":[{"name":"wp","href":"https:\/\/api.w.org\/{rel}","templated":true}]}}